{"id":6005,"date":"2019-09-20T12:53:16","date_gmt":"2019-09-20T12:53:16","guid":{"rendered":"http:\/\/www.paginas-del-diario-de-satan.com\/pdds\/?p=6005"},"modified":"2019-09-20T13:07:07","modified_gmt":"2019-09-20T13:07:07","slug":"cine-brasileno-actual-logros-amenazas-y-resistencia-entrevista-con-luiz-zanin-por-emilio-bustamante","status":"publish","type":"post","link":"https:\/\/www.paginas-del-diario-de-satan.com\/pdds\/?p=6005","title":{"rendered":"Cine brasile\u00f1o actual: Logros, amenazas y resistencia. Entrevista con Luiz Zanin, por Emilio Bustamante"},"content":{"rendered":"<p><img alt=\"Resultado de imagen para martirio de vicente carelli\" src=\"https:\/\/static.pragda.com\/uploads\/2018\/10\/Martirio-1-1200x600.jpg\" \/><\/p>\n<p>&nbsp;<\/p>\n<p><strong><span style=\"color: #000000; font-family: Calibri; font-size: medium;\">Luiz Zanin Oricchio es uno de los cr\u00edticos de cine m\u00e1s respetados de Brasil. Escribe en <i>O Estado de Sao Paulo<\/i> desde 1990, ha ejercido la presidencia de Abraccine (Asociaci\u00f3n Brasile\u00f1a de Cr\u00edticos de Cine), y ha publicado los libros <i>Fome de Bola &#8211; Cinema e Futebol no Brasil<\/i> (2006), <i>Guilherme de Almeida Prado um Cineasta Cin\u00e9filo<\/i> (2005) y <i>Cinema de Novo: um Balan\u00e7o Cr\u00edtico da Retomada<\/i> (2003). Conversamos con \u00e9l,\u00a0 durante el reciente 29\u00b0 Festival Iberoamericano de Cine Cear\u00e1, sobre el estado actual y las perspectivas del cine brasile\u00f1o.<\/span><\/strong><\/p>\n<p><b><span style=\"color: #000000; font-family: Calibri; font-size: medium;\">\u00a0<\/span><\/b><\/p>\n<p><b><span style=\"color: #000000; font-family: Calibri; font-size: medium;\">Quisiera que nos dieras un panorama del cine brasile\u00f1o actual y de lo que le espera. Porque aparentemente hay un buen momento. El cine brasile\u00f1o acaba de obtener premios en Cannes, y todo indica que est\u00e1n dando frutos las pol\u00edticas del Estado. Por ejemplo, aqu\u00ed en Cear\u00e1 hay hechos que me entusiasmaron el a\u00f1o pasado y me entusiasman este a\u00f1o: que se haga cine en regiones, ya no solo en Sao Paulo y Rio de Janeiro, que haya pol\u00edticas de formaci\u00f3n de p\u00fablicos, estudios superiores de cine en las universidades\u2026 Todo eso es muy estimulante. Pero evidentemente hay una amenaza del gobierno federal. Estuve viendo el \u00faltimo n\u00famero de <i>Cahiers du Cin\u00e9ma<\/i> dedicado al cine brasile\u00f1o y hablan de una \u201cEra Bolsonaro\u201d, lo cual es temible, ojal\u00e1 que no sea una era lo que viene, esperemos que no dure mucho.<\/span><\/b><\/p>\n<p><span style=\"color: #000000; font-family: Calibri; font-size: medium;\">Lo esperamos todos porque es como t\u00fa dices: la situaci\u00f3n actual es promisoria, pero tenemos las amenazas del gobierno federal. Estas amenazas van a hacer da\u00f1o al cine, pero las iniciativas regionales del pa\u00eds hacen que yo tenga esperanza de que no tengamos una discontinuidad de la producci\u00f3n brasile\u00f1a como tuvimos en el a\u00f1o 1990 con el gobierno de Collor, porque en aquella \u00e9poca eran mucho m\u00e1s centralizadas la producci\u00f3n y la distribuci\u00f3n, y cuando el gobierno intervino extinguiendo todos los \u00f3rganos de producci\u00f3n y distribuci\u00f3n de cine, la producci\u00f3n brasile\u00f1a pr\u00e1cticamente cay\u00f3 a cero. Al menos en los primeros a\u00f1os de la d\u00e9cada de 1990 ten\u00edamos solamente dos o tres largos por all\u00ed. Solo cuando Collor renunci\u00f3 en 1994, luego del <i>impeachment<\/i>, el nuevo gobierno presidido por Itamar Franco, que era el vicepresidente de Collor, empezaron a hacerse leyes para restablecer el cine brasile\u00f1o. Lo que llamamos la \u201cretomada\u201d del cine brasile\u00f1o. Estas leyes produjeron un sistema de cine brasile\u00f1o que si no es ideal, es muy interesante en relaci\u00f3n con lo que ten\u00edamos antes. Produjo resultados interesantes en t\u00e9rminos de mercado. Hubo un a\u00f1o excepcional en el que tuvimos 22% o 23% del mercado, pero ese fue un a\u00f1o excepcional; en general tenemos 10% o 15% del mercado. No es mucho, pero es parecido a lo de otros pa\u00edses, porque, como t\u00fa conoces muy bien, el cine norteamericano domina el mercado en el mundo. <\/span><\/p>\n<p><span style=\"color: #000000; font-family: Calibri; font-size: medium;\">Y llegamos a la creaci\u00f3n de Ancine, que es la agencia reguladora del cine en el pa\u00eds, que cuenta con un presupuesto. Esta agencia nace en una \u00e9poca de una presidencia progresista, y que promueve mucho la diversificaci\u00f3n de la producci\u00f3n en el pa\u00eds. Aqu\u00ed en Brasil siempre ha habido una concentraci\u00f3n en Rio de Janeiro y Sao Paulo, que son las ciudades m\u00e1s importantes del pa\u00eds y que terminan concentrando todo. Pero con esta pol\u00edtica de diversificaci\u00f3n regional tuvimos resultados muy buenos, ac\u00e1 en Cear\u00e1, en Pernambuco, Para\u00edba\u2026 Para\u00edba es un estado muy chiquito de la Federaci\u00f3n Brasile\u00f1a, y el a\u00f1o pasado tuvo siete largometrajes nuevos y buenos. Esas pel\u00edculas regionales tienen caracter\u00edsticas espec\u00edficas de las culturas locales y al mismo tiempo est\u00e1n ligadas con las corrientes m\u00e1s contempor\u00e1neas de la est\u00e9tica cinematogr\u00e1fica. Los realizadores son, en general, j\u00f3venes que ven muchas pel\u00edculas, van a festivales internacionales, y dan un dinamismo muy grande al cine brasile\u00f1o. Yo tengo la esperanza de que este tipo de cine sobreviva a esta cat\u00e1strofe que ha sucedido en Brasil, que es la elecci\u00f3n de un presidente de tendencias fascistas, autoritarias, y que se considera enemigo de la cultura. Para \u00e9l, la cultura es su enemiga.<\/span><\/p>\n<p>&nbsp;<\/p>\n<p><img alt=\"Resultado de imagen para cahiers du cinema septembre 2019\" src=\"http:\/\/www.pollen-difpop.com\/I-Grande-89525-cahiers-du-cinema-n-758-la-rentree-cinema-septembre-2019.net.jpg\" \/><\/p>\n<p>&nbsp;<\/p>\n<p><b><span style=\"color: #000000; font-family: Calibri; font-size: medium;\">El a\u00f1o pasado entrevist\u00e9 a Orlando Senna, y me dijo que aunque fuera elegido un gobierno de derecha, le iba a ser muy dif\u00edcil desmontar todo el sistema legal de apoyo al cine. Pero este a\u00f1o le contaba esto a un amigo que vive aqu\u00ed, y me dec\u00eda: bueno, eso ser\u00eda con un gobierno como el de Temer, pero Bolsonaro lo puede hacer. \u00bfT\u00fa crees que lo pueda hacer, desmontar todo el sistema?<\/span><\/b><\/p>\n<p><span style=\"color: #000000; font-family: Calibri; font-size: medium;\">Yo creo que va a tener trabajo, pero ya est\u00e1 empezando. Ya intervino Ancine, quit\u00f3 al presidente, quit\u00f3 a varios directores, y quiere colocar a personas religiosas porque \u00e9l dice que hay que tener filtros tem\u00e1ticos en los proyectos que se van a desarrollar porque el gobierno no puede financiar pel\u00edculas que atenten contra la familia, contra la religi\u00f3n, contra las costumbres del pueblo. El otro nombre de esto es: censura previa. Va a ser muy duro para nosotros. Creo que no le va a ser posible destruir todo, completamente; pero va a ser muy dif\u00edcil para nosotros. Y debemos tener en cuenta que est\u00e1 solo en el inicio del proyecto, nos esperan tres a\u00f1os m\u00e1s. Hay quienes dicen un poco como chiste y otro poco como verdad: 2019 no es un a\u00f1o completamente malo, 2020 va a ser peor. Y es que en este a\u00f1o reci\u00e9n est\u00e1 tomando la m\u00e1quina del Estado.<\/span><\/p>\n<p><b><span style=\"color: #000000; font-family: Calibri; font-size: medium;\">Pero para desmontar todo el sistema legal necesita del Congreso. Necesita derogar leyes y dar nuevas leyes. \u00bfTendr\u00eda el apoyo del Congreso?<\/span><\/b><\/p>\n<p><span style=\"color: #000000; font-family: Calibri; font-size: medium;\">No s\u00e9, pero ya ha tomado iniciativas que son anticonstitucionales. Por ejemplo, para desmontar Ancine. No podr\u00eda destituir al presidente de la agencia, porque es independiente del poder ejecutivo, pero el Tribunal de Cuentas acus\u00f3 de corrupci\u00f3n al presidente de Ancine, entonces fue destituido por haber cometido un acto de corrupci\u00f3n; \u00e9l y todo su staff. A m\u00ed no me gusta nada esta persona que ha sido destituida, fue colocado por el gobierno de Temer, despu\u00e9s del golpe a Dilma Rousseff; pero lo que demuestra esto es que hay siempre una manera de contornear las leyes y redirigir sus objetivos, Bolsonaro dice: yo no he destituido al presidente de Ancine, solo he obedecido al Tribunal de Cuentas.<\/span><\/p>\n<p><b><span style=\"color: #000000; font-family: Calibri; font-size: medium;\">Y actualmente, \u00bfel Ministerio P\u00fablico y el Poder Judicial est\u00e1n m\u00e1s cercanos de Bolsonaro?<\/span><\/b><\/p>\n<p><span style=\"color: #000000; font-family: Calibri; font-size: medium;\">Est\u00e1n m\u00e1s cercanos, pero hay una disputa. Hay un movimiento de la Suprema Corte contra los procuradores del Ministerio P\u00fablico. No est\u00e1n unidos, est\u00e1n disput\u00e1ndose una parte de poder. En eso estamos. Y en el Poder Ejecutivo, ya no hay un Ministerio de la Cultura, sino solo una secretar\u00eda especial, y las personas nombradas all\u00ed son personas que consideran que la cultura en general y el cine en particular son enemigos de la patria, de la poblaci\u00f3n que dicen representar. Son personas muy conservadoras, que no apoyan discusiones de g\u00e9nero, identidad, racismo; todas esas son cosas que no deben ser tocadas, para ellas, y no se puede hablar de desigualdades sociales porque eso es conversaci\u00f3n de comunistas. Son personas que piensan, un poco, como si estuvi\u00e9ramos en la \u00e9poca de la Guerra Fr\u00eda: estamos nosotros que somos los virtuosos, y est\u00e1n los comunistas que quieren destruir las familias, los valores de la civilizaci\u00f3n occidental. Y al mismo tiempo, el cine brasile\u00f1o es la car\u00e1tula del \u00faltimo n\u00famero de <i>Cahiers du Cin\u00e9ma<\/i>, y <i>Bacurau<\/i> ha ganado el Premio del Jurado en Cannes, el festival m\u00e1s medi\u00e1tico que existe actualmente.<\/span><\/p>\n<p><img alt=\"Resultado de imagen para bacurau\" src=\"https:\/\/medias.unifrance.org\/medias\/198\/36\/206022\/format_page\/media.jpg\" \/><\/p>\n<p>&nbsp;<\/p>\n<p><b><span style=\"color: #000000; font-family: Calibri; font-size: medium;\">\u00bfCu\u00e1ntos largos est\u00e1 produciendo Brasil actualmente?<\/span><\/b><\/p>\n<p><span style=\"color: #000000; font-family: Calibri; font-size: medium;\">El a\u00f1o pasado se hicieron 180 pel\u00edculas. La verdad, hay una parte que no llega jam\u00e1s a salas, la pasan por televisi\u00f3n.<\/span><\/p>\n<p><b><span style=\"color: #000000; font-family: Calibri; font-size: medium;\">\u00bfQu\u00e9 tendencias hay en el cine brasile\u00f1o actual? \u00bfQu\u00e9 autores destacan?<\/span><\/b><\/p>\n<p><span style=\"color: #000000; font-family: Calibri; font-size: medium;\">Hay una mezcla. Est\u00e1n los viejos representantes del Cinema Novo, como Carlos Diegues, que tiene un filme titulado <i>El gran circo m\u00edstico<\/i>; son ya personas mayores que est\u00e1n todav\u00eda en actividad. Est\u00e1n los surgidos en la \u00e9poca de la \u201cretomada\u201d del cine brasile\u00f1o, que tienen edades entre los 40 y 50 a\u00f1os. Y est\u00e1n los j\u00f3venes que han surgido despu\u00e9s, y que son muy interesantes en las regiones. Es un cine muy activo y muy creativo. Habla profundamente de la realidad brasile\u00f1a, pero ya no es m\u00e1s dependiente de la est\u00e9tica del Cinema Novo; tiene otras referencias cinematogr\u00e1ficas. Tiene referencias del Cinema Marginal que apareci\u00f3 despu\u00e9s del Cinema Novo, y tiene referencias internacionales. <\/span><\/p>\n<p><span style=\"color: #000000; font-family: Calibri; font-size: medium;\">Por ejemplo, a Kleber Mendon\u00e7a Filho le gusta mucho el cine de John Carpenter. Pero estas influencias son aplicadas a la realidad brasile\u00f1a. Kleber ha sido cr\u00edtico de cine antes de ser cineasta y su primer largo se llama <i>Cr\u00edticos<\/i>; es un documental sobre los cr\u00edticos de cine, su relaci\u00f3n problem\u00e1tica con los cineastas. Sus cortos fueron bien recibidos en festivales y sus tres largos [<i>O Som ao Redor<\/i>, <i>Aquarius<\/i> y <i>Bacurau<\/i>] me parecen muy interesantes porque el suyo es un cine que busca ser entendido y disfrutado por el p\u00fablico, que no descarta el placer cinematogr\u00e1fico, y que al mismo tiempo es un cine de ideas, sobre la problem\u00e1tica social brasile\u00f1a.<\/span><\/p>\n<p><span style=\"color: #000000; font-family: Calibri; font-size: medium;\">Hablamos de Kleber, pero hay tambi\u00e9n otros cineastas. En Pernambuco est\u00e1 Cl\u00e1udio Assis, que hace un cine potente y radical. Est\u00e1 la pel\u00edcula <i>Pacarrete<\/i>, de un director de ac\u00e1, de Cear\u00e1, Allan Deberton, con actores de Para\u00edba; una pel\u00edcula no directamente pol\u00edtica pero muy inventiva. Cada a\u00f1o t\u00fa ves 10 a 20 largos que realmente te estimulan. <\/span><\/p>\n<p><span style=\"color: #000000; font-family: Calibri; font-size: medium;\">Nuestra producci\u00f3n documental tambi\u00e9n es muy importante. De las 180 pel\u00edculas que se hacen cada a\u00f1o, tal vez m\u00e1s del 50%\u00a0 sean documentales.<\/span><\/p>\n<p><b><span style=\"color: #000000; font-family: Calibri; font-size: medium;\">Y los documentales tocan temas como el pasado hist\u00f3rico que ha dejado heridas abiertas, y, lo hemos visto en estos d\u00edas, el problema de propiedad la tierra\u2026<\/span><\/b><\/p>\n<p><span style=\"color: #000000; font-family: Calibri; font-size: medium;\">S\u00ed, la propiedad de la tierra y tambi\u00e9n la cuesti\u00f3n de la Amazon\u00eda, que compartimos con Per\u00fa, y que es una regi\u00f3n de inter\u00e9s internacional. \u00bfY cu\u00e1l es el discurso del gobierno al respecto? Es un discurso nacionalista: la Amazon\u00eda es nuestra, entonces nosotros podemos quemarla; tenemos el derecho de destruirla. Y all\u00ed est\u00e1n los ind\u00edgenas. En unas tierras que quieren los ganaderos, los grandes agricultores para sembrar soja. Hay una serie de documentales sobre la cuesti\u00f3n ind\u00edgena que son muy buenos; recomiendo dos: <i>Martirio<\/i> de Vincent Carelli (Foto de apertura), y <i>Serras da Desordem<\/i> de Andrea Tonacci, que es un realizador que ha muerto hace dos a\u00f1os.<\/span><\/p>\n<p>&nbsp;<\/p>\n<p><img alt=\"Resultado de imagen para serras da desordem\" src=\"https:\/\/pics.filmaffinity.com\/Serras_da_desordem-723691166-mmed.jpg\" \/><\/p>\n<p><b><span style=\"color: #000000; font-family: Calibri; font-size: medium;\">Esto nos lleva al problema de la distribuci\u00f3n y la exhibici\u00f3n. Estos documentales llegan a la televisi\u00f3n, \u00bfpero el p\u00fablico brasile\u00f1o los ve o est\u00e1n all\u00ed pero no los ven?<\/span><\/b><\/p>\n<p><span style=\"color: #000000; font-family: Calibri; font-size: medium;\">No recuerdo si se exhibieron estos documentales en salas de cine, pero es muy dif\u00edcil que un p\u00fablico vea documentales en salas de cine. <\/span><a title=\"\" href=\"#_ftn1\"><span style=\"color: #0000ff;\">[1]<\/span><\/a><span style=\"color: #000000; font-family: Calibri; font-size: medium;\"> Son excepciones. Por ejemplo, hay un documental sobre Vinicio de Moraes, un artista amado en el pa\u00eds que ha muerto en 1980 pero su m\u00fasica permanece. Ese documental tuvo 300 mil espectadores. Es una excepci\u00f3n, pero a los documentales sobre m\u00fasica aqu\u00ed en Brasil les va bien, inclusive en las salas comerciales, porque yo creo que la m\u00fasica popular brasile\u00f1a es tal vez nuestra manifestaci\u00f3n art\u00edstica m\u00e1s fuerte, y m\u00e1s conocida en el exterior. Hay muchas pel\u00edculas sobre m\u00fasicos, compositores, cantantes; esa es una vertiente importante de la producci\u00f3n brasile\u00f1a.<\/span><\/p>\n<p><b><span style=\"color: #000000; font-family: Calibri; font-size: medium;\">\u00bfQu\u00e9 espacios tiene el cine experimental?<\/span><\/b><\/p>\n<p><span style=\"color: #000000; font-family: Calibri; font-size: medium;\">El cine experimental tiene mucha dificultad en llegar al p\u00fablico. El festival que m\u00e1s se concentra en el cine experimental es el Festival de Tiradentes, en Minas Gerais. Es un festival especializado en filmes de j\u00f3venes directores y de apuesta est\u00e9tica bastante osada; no es el \u00fanico, pero s\u00ed en el que se ve el cine brasile\u00f1o m\u00e1s experimental.<\/span><\/p>\n<p><b><span style=\"color: #000000; font-family: Calibri; font-size: medium;\">En el otro extremo, \u00bfcu\u00e1les son las pel\u00edculas m\u00e1s comerciales y m\u00e1s taquilleras?<\/span><\/b><\/p>\n<p><span style=\"color: #000000; font-family: Calibri; font-size: medium;\">Las m\u00e1s taquilleras, aunque han perdido un poco de fuerza en los \u00faltimos dos o tres a\u00f1os, son las comedias. En los \u00faltimos diez o quince a\u00f1os son las \u00fanicas pel\u00edculas que hacen cuatro o cinco millones de espectadores, hasta siete millones de espectadores. Hay algunas excepciones. <i>Tropa de \u00e9lite <\/i>tuvo algo as\u00ed como cinco o seis millones, y <i>Tropa de \u00e9lite 2<\/i> hizo casi doce millones de espectadores.<\/span><\/p>\n<p><b><span style=\"color: #000000; font-family: Calibri; font-size: medium;\">Eran pel\u00edculas ideol\u00f3gicamente muy tendenciosas\u2026<\/span><\/b><\/p>\n<p><span style=\"color: #000000; font-family: Calibri; font-size: medium;\">Mucho. Incre\u00edble que <i>Tropa de \u00e9lite<\/i> haya ganado el Festival de Berl\u00edn\u2026 \u00bfY qui\u00e9n estaba de presidente del jurado? \u00a1Nada menos que Costa-Gavras!&#8230;<\/span><\/p>\n<p><b><span style=\"color: #000000; font-family: Calibri; font-size: medium;\">Tambi\u00e9n hay un cine religioso\u2026<\/span><\/b><\/p>\n<p><span style=\"color: #000000; font-family: Calibri; font-size: medium;\">El jefe de la Iglesia Neopentecostal Evang\u00e9lica [Iglesia Universal del Reino de Dios] tiene en Brasil un poder espantoso. \u00c9l est\u00e1 haciendo la segunda pel\u00edcula sobre su propia vida. \u00bfY qu\u00e9 hace ese se\u00f1or? Compra las entradas, las distribuye en las iglesias, los clientes las reciben gratuitamente, y muchas veces no van al cine. Entonces, los cines est\u00e1n vac\u00edos o con mitad de sala, pero aparece que las salas est\u00e1n llenas. Eso crea una distorsi\u00f3n estad\u00edstica brutal. Entonces, la primera pel\u00edcula que hizo, que se llama <i>Nada a perder<\/i>, es ya considerada la pel\u00edcula m\u00e1s taquillera de la historia del cine brasile\u00f1o, ha vendido m\u00e1s de 12 millones de entradas, pero no sabemos cu\u00e1ntas personas realmente la vieron. La pel\u00edcula es muy mala. Es de autoglorificaci\u00f3n. \u00c9l cuenta su vida como la de un hombre perseguido por las fuerzas del mal de la Iglesia Cat\u00f3lica, y triunfa porque tiene la misi\u00f3n de transmitir la palabra de Dios.<\/span><\/p>\n<p><b><span style=\"color: #000000; font-family: Calibri; font-size: medium;\">Tienen tambi\u00e9n un canal de televisi\u00f3n.<\/span><\/b><\/p>\n<p><span style=\"color: #000000; font-family: Calibri; font-size: medium;\">S\u00ed, y es el canal que da total apoyo a Bolsonaro. Est\u00e1n totalmente articulados. Es muy preocupante esto.<\/span><a title=\"\" href=\"#_ftn2\"><span style=\"color: #0000ff;\">[2]<\/span><\/a><span style=\"color: #000000; font-family: Calibri; font-size: medium;\"> Pero quiero agregar que tambi\u00e9n en Sao Paulo, donde yo vivo, hay un movimiento de resistencia a este desmadre que est\u00e1 promoviendo el gobierno federal. Hay una empresa municipal\u00a0 [de fomento al audiovisual] que se llama SPcine, presidida por una muy buena cineasta brasile\u00f1a, La\u00eds Bodansky, que est\u00e1 haciendo muy buen trabajo. El otro d\u00eda estuvimos en la ceremonia de la gran entrega del Gran Premio del Cine Brasile\u00f1o, de la que yo hago la transmisi\u00f3n para el Canal Brasil; estaba el alcalde de Sao Paulo, y dijo que no compart\u00eda las ideas de Bolsonaro, que en el Estado de Sao Paulo no va a haber censura y que va destinar 20 millones para estimular la producci\u00f3n de filmes. \u00c9l era el vice-alcalde,\u00a0 quien era el alcalde postul\u00f3 al cargo de gobernador y tuvo que renunciar. Asumi\u00f3 entonces la alcald\u00eda esta persona, Bruno Covas, que es un hombre de centro que no est\u00e1 involucrado en ese prop\u00f3sito de barbarie del gobierno federal, y que se propone estimular las artes, estimular el cine. Pienso que por all\u00ed el cine puede sobrevivir a pesar de las peores perspectivas que tenemos respecto del gobierno del presidente Bolsonaro.<\/span><\/p>\n<p><b><span style=\"color: #000000; font-family: Calibri; font-size: medium;\">En R\u00edo la situaci\u00f3n parece m\u00e1s dif\u00edcil\u2026<\/span><\/b><\/p>\n<p><span style=\"color: #000000; font-family: Calibri; font-size: medium;\">La situaci\u00f3n de R\u00edo es terrible. R\u00edo es un Estado que est\u00e1 en ca\u00edda. Hay mucha corrupci\u00f3n, \u00a0y eligieron a un fascista como gobernador, un enemigo total de la cultura. La situaci\u00f3n de R\u00edo de Janeiro es muy grave. Yo tengo muchos amigos en R\u00edo que est\u00e1n muy preocupados. No se sabe qu\u00e9 va a pasar. Hay un festival muy grande all\u00e1, el Festival de R\u00edo, un festival tradicional como el de Sao Paulo, con cuatrocientas pel\u00edculas de todo el mundo; pero ahora no sabemos si se va realizar o no. Si se realiza, ciertamente ser\u00e1 m\u00e1s chico.<\/span><\/p>\n<p><b><span style=\"color: #000000; font-family: Calibri; font-size: medium;\">\u00bfCu\u00e1ntos festivales hay actualmente en Brasil?<\/span><\/b><\/p>\n<p><span style=\"color: #000000; font-family: Calibri; font-size: medium;\">Hay m\u00e1s de doscientos. Los m\u00e1s tradicionales son los de Brasilia, que es el m\u00e1s antiguo, Gramado, Sao Paulo, R\u00edo, Cine-Cear\u00e1, que es el m\u00e1s importante del Nordeste. Los m\u00e1s peque\u00f1os repiten los filmes que ya se han exhibido en los m\u00e1s tradicionales, pero son importantes porque muchas veces se realizan en lugares que ni siquiera cuentan con una sala de cine. Entonces, es la oportunidad de que las personas tengan contacto con un tipo de pel\u00edculas que normalmente no ven en televisi\u00f3n ni en Netflix. Es el caso de Tiradentes, por ejemplo. Tiradentes no tiene una sala de cine. Ellos, durante el Festival, hacen una cosa que se llama cine-carpa [cine-tenda], arman una carpa como si fuera la de un circo y all\u00ed exhiben las pel\u00edculas. Es un escenario provisorio, se acaba el festival y se acaba el cine. Hay muchos casos as\u00ed que sustituyen a la red de exhibici\u00f3n alternativa, que es todav\u00eda muy precaria. Hay muchas ciudades que no tienen una sala de cine.<\/span><\/p>\n<p><b><span style=\"color: #000000; font-family: Calibri; font-size: medium;\">\u00bfLa red alternativa no est\u00e1 a\u00fan bien implementada?<\/span><\/b><\/p>\n<p><span style=\"color: #000000; font-family: Calibri; font-size: medium;\">No en todas partes. En Sao Paulo s\u00ed. Esta empresa que te mencionaba, SPcine, mont\u00f3 una red alternativa para exhibir exclusivamente cine brasile\u00f1o. Est\u00e1 orientada a las poblaciones m\u00e1s necesitadas, a los barrios m\u00e1s apartados y al centro de la ciudad, que se ha deteriorado mucho y donde ahora hay poqu\u00edsimos cines, pues las salas se han concentrado en las zonas m\u00e1s ricas. Son iniciativas de llevar el cine a personas que tienen la experiencia del audiovisual solamente a trav\u00e9s de la televisi\u00f3n, internet, el celular o la Tablet.<\/span><\/p>\n<p><b><span style=\"color: #000000; font-family: Calibri; font-size: medium;\">Volviendo a la pol\u00edtica de Bolsonaro respecto de la cultura, parecer\u00eda existir la intenci\u00f3n de promover el odio popular hacia las \u00e9lites intelectuales\u2026<\/span><\/b><\/p>\n<p><span style=\"color: #000000; font-family: Calibri; font-size: medium;\">Eso es muy t\u00edpico del fascismo. Esa es una caracter\u00edstica. Que los intelectuales no trabajan, se creen superiores, tienen ideas peligrosas que solo destruyen. Que los grandes valores son los valores de la familia, la patria y Dios, y que los intelectuales y los artistas contestan todo eso y viven una vida desordenada. Los intelectuales y artistas son excelentes chivos expiatorios.<\/span><\/p>\n<p><b><span style=\"color: #000000; font-family: Calibri; font-size: medium;\">\u00bfPero no habr\u00eda en la pol\u00edtica cultural de Bolsonaro, adem\u00e1s de la promoci\u00f3n de ese cine religioso del que hemos hablado, la posibilidad de una alianza con las grandes corporaciones norteamericanas de cine para entregarles el mercado?<\/span><\/b><\/p>\n<p><span style=\"color: #000000; font-family: Calibri; font-size: medium;\">Ya tienen m\u00e1s del 80% del cine, quiz\u00e1 quieren m\u00e1s. Para el capital si tienes el 95% del mercado, \u00bfpor qu\u00e9 no el 100%? Es muy posible, porque el alineamiento del gobierno con los Estados Unidos es total. Ac\u00e1 tenemos una cuota de pantalla que es una tradici\u00f3n que viene de los a\u00f1os 40; siempre la tuvimos. Pero que desde que lleg\u00f3 al poder, Bolsonaro no la asigna. Tiene que asignarla cada a\u00f1o, pero hasta ahora no la asigna.<\/span><\/p>\n<p><b><span style=\"color: #000000; font-family: Calibri; font-size: medium;\">Entonces, en este momento no tienen cuota de pantalla.<\/span><\/b><\/p>\n<p><span style=\"color: #000000; font-family: Calibri; font-size: medium;\">No, no tenemos. Estamos sin cuota de pantalla. Existe la herramienta legal, pero no est\u00e1 siendo aplicada porque debe renovarse la cuota cada a\u00f1o. Al final del a\u00f1o las empresas de cine estatales hacen la propuesta en base a la producci\u00f3n real. Es un porcentaje que cambia cada a\u00f1o. El presidente de la Rep\u00fablica debe asignarla, pero se ha negado a hacerlo. <\/span><\/p>\n<p><b><span style=\"color: #000000; font-family: Calibri; font-size: medium;\">Eso implica que este a\u00f1o puede reducirse el porcentaje de pel\u00edculas brasile\u00f1as en sala.<\/span><\/b><\/p>\n<p><span style=\"color: #000000; font-family: Calibri; font-size: medium;\">Perfectamente, porque las salas no tienen la obligaci\u00f3n. <\/span><\/p>\n<p><b><span style=\"color: #000000; font-family: Calibri; font-size: medium;\">Eso favorece a las empresas norteamericanas<\/span><\/b><\/p>\n<p><span style=\"color: #000000; font-family: Calibri; font-size: medium;\">Evidentemente. Las se\u00f1ales son terribles.<\/span><\/p>\n<p><b><span style=\"color: #000000; font-family: Calibri; font-size: medium;\">\u00bfY hay la posibilidad de defensa de los brasile\u00f1os de su cine? Digamos, las agremiaciones por un lado y el p\u00fablico por otro.<\/span><\/b><\/p>\n<p><span style=\"color: #000000; font-family: Calibri; font-size: medium;\">Yo no contar\u00eda con la defensa del p\u00fablico, lamentablemente. Ya tenemos la experiencia de 1990, cuando el presidente Fernando Collor pr\u00e1cticamente destruy\u00f3 el cine brasile\u00f1o. No se oy\u00f3 una palabra. Ni de la prensa, porque la prensa durante los a\u00f1os 80 hizo una campa\u00f1a terrible contra la empresa estatal. Eran los a\u00f1os neoliberales y para la prensa era un absurdo que hubiera una empresa estatal para el financiamiento y la distribuci\u00f3n del cine; eso deber\u00eda dejarse a la iniciativa privada, que lo har\u00eda mejor. Y esta posici\u00f3n no solo era la de la prensa m\u00e1s conservadora, sino la de la prensa liberal. Cuando acabaron con la empresa estatal de cine -que ten\u00eda muchos problemas, es cierto- no colocaron nada en su lugar, vino el caos, y la producci\u00f3n baj\u00f3 pr\u00e1cticamente a cero. <\/span><\/p>\n<p><b><span style=\"color: #000000; font-family: Calibri; font-size: medium;\">\u00bfQui\u00e9nes har\u00edan entonces la defensa del cine brasile\u00f1o?<\/span><\/b><\/p>\n<p><span style=\"color: #000000; font-family: Calibri; font-size: medium;\">Creo que nos corresponde a nosotros, los intelectuales, los periodistas, los cineastas y la gente de las otras artes tambi\u00e9n. Est\u00e1n todos preocupados y movilizados. Creo que debemos sentarnos a dialogar con el p\u00fablico. En \u00faltimo an\u00e1lisis es solo el p\u00fablico el que puede defender a los artistas de su pa\u00eds en la medida que considere que son importantes, que la cultura nacional es algo importante, algo vital, algo bueno para su vida. Pero esto todav\u00eda no ha ocurrido.<\/span><\/p>\n<p><span style=\"color: #000000; font-family: Calibri; font-size: medium;\">En veinticinco o treinta a\u00f1os de resurgimiento del cine brasile\u00f1o se ha construido todo un sistema de producci\u00f3n de filmes. Tenemos buen nivel de fot\u00f3grafos, directores, profesionales del \u00e1rea t\u00e9cnica. Buena calidad internacional. Los directores tienen articulaci\u00f3n con el cine mundial, no est\u00e1n mirando su propio ombligo sino est\u00e1n abiertos a influencias y a dialogar con el cine mundial; y hay esa preocupaci\u00f3n de utilizar el arte para reflexionar sobre el pa\u00eds, sin olvidar que es preciso que este tipo de reflexi\u00f3n llegue a un p\u00fablico. Es muy promisorio el momento en que se forma ese sistema de auto-reproducci\u00f3n de una manifestaci\u00f3n art\u00edstica que tenga esa caracter\u00edstica tambi\u00e9n de estar pendiente del punto de vista industrial (t\u00e9cnicos, m\u00e1quinas, plata), porque es muy distinto hacer una pel\u00edcula que escribir un poema en una habitaci\u00f3n. Creo que se ha llegado a un estadio no ideal pero s\u00ed muy bueno de cine,\u00a0 y eso no creo que sea destruido completamente porque hay resistencia; pero s\u00ed temo que caminemos hacia atr\u00e1s.<\/span><\/p>\n<p>&nbsp;<\/p>\n<p><strong><span style=\"color: #000000; font-family: Calibri; font-size: medium;\">Emilio Bustamante<\/span><\/strong><\/p>\n<p><strong><span style=\"color: #000000; font-family: Calibri; font-size: medium;\">Fortaleza, 5 de setiembre del 2019.<\/span><\/strong><\/p>\n<p><span style=\"color: #000000; font-family: Calibri; font-size: medium;\">\u00a0<\/span><\/p>\n<div>\n<div>\n<p><a title=\"\" href=\"#_ftnref1\"><span style=\"color: #0000ff;\">[1]<\/span><\/a><span style=\"color: #000000; font-family: Calibri; font-size: small;\"> <i>Serras da Desordem<\/i> puede verse en Youtube: <\/span><a href=\"https:\/\/www.youtube.com\/watch?v=lAK4sPeShx4\"><span style=\"color: #0000ff; font-family: Calibri; font-size: small;\">https:\/\/www.youtube.com\/watch?v=lAK4sPeShx4<\/span><\/a><\/p>\n<p><a title=\"\" href=\"#_ftnref2\"><span style=\"color: #0000ff;\">[2]<\/span><\/a><span style=\"color: #000000; font-family: Calibri; font-size: small;\"> Se trata de RecordTV, la segunda cadena de televisi\u00f3n de mayor cobertura en Brasil, solo superada por Globo.<\/span><\/p>\n<\/div>\n<\/div>\n","protected":false},"excerpt":{"rendered":"<p>&nbsp; Luiz Zanin Oricchio es uno de los cr\u00edticos de cine m\u00e1s respetados de Brasil. Escribe en O Estado de Sao Paulo desde 1990, ha ejercido la presidencia de Abraccine (Asociaci\u00f3n Brasile\u00f1a de Cr\u00edticos de Cine), y ha publicado los libros Fome de Bola &#8211; Cinema e Futebol no Brasil (2006), Guilherme de Almeida Prado [&hellip;]<\/p>\n","protected":false},"author":1,"featured_media":0,"comment_status":"open","ping_status":"open","sticky":false,"template":"","format":"standard","meta":[],"categories":[27,582,1066],"tags":[],"_links":{"self":[{"href":"https:\/\/www.paginas-del-diario-de-satan.com\/pdds\/index.php?rest_route=\/wp\/v2\/posts\/6005"}],"collection":[{"href":"https:\/\/www.paginas-del-diario-de-satan.com\/pdds\/index.php?rest_route=\/wp\/v2\/posts"}],"about":[{"href":"https:\/\/www.paginas-del-diario-de-satan.com\/pdds\/index.php?rest_route=\/wp\/v2\/types\/post"}],"author":[{"embeddable":true,"href":"https:\/\/www.paginas-del-diario-de-satan.com\/pdds\/index.php?rest_route=\/wp\/v2\/users\/1"}],"replies":[{"embeddable":true,"href":"https:\/\/www.paginas-del-diario-de-satan.com\/pdds\/index.php?rest_route=%2Fwp%2Fv2%2Fcomments&post=6005"}],"version-history":[{"count":5,"href":"https:\/\/www.paginas-del-diario-de-satan.com\/pdds\/index.php?rest_route=\/wp\/v2\/posts\/6005\/revisions"}],"predecessor-version":[{"id":6007,"href":"https:\/\/www.paginas-del-diario-de-satan.com\/pdds\/index.php?rest_route=\/wp\/v2\/posts\/6005\/revisions\/6007"}],"wp:attachment":[{"href":"https:\/\/www.paginas-del-diario-de-satan.com\/pdds\/index.php?rest_route=%2Fwp%2Fv2%2Fmedia&parent=6005"}],"wp:term":[{"taxonomy":"category","embeddable":true,"href":"https:\/\/www.paginas-del-diario-de-satan.com\/pdds\/index.php?rest_route=%2Fwp%2Fv2%2Fcategories&post=6005"},{"taxonomy":"post_tag","embeddable":true,"href":"https:\/\/www.paginas-del-diario-de-satan.com\/pdds\/index.php?rest_route=%2Fwp%2Fv2%2Ftags&post=6005"}],"curies":[{"name":"wp","href":"https:\/\/api.w.org\/{rel}","templated":true}]}}