{"id":637,"date":"2014-03-16T22:28:41","date_gmt":"2014-03-16T22:28:41","guid":{"rendered":"http:\/\/www.paginasdeldiariodesatan.com\/pdds\/?p=637"},"modified":"2014-03-16T22:28:41","modified_gmt":"2014-03-16T22:28:41","slug":"fiacid-2014-algunas-recomendadas","status":"publish","type":"post","link":"https:\/\/www.paginas-del-diario-de-satan.com\/pdds\/?p=637","title":{"rendered":"FIACID 2014: algunas recomendadas"},"content":{"rendered":"<p><a id=\"irc_mil\" href=\"http:\/\/www.google.com.pe\/url?sa=i&amp;rct=j&amp;q=&amp;esrc=s&amp;frm=1&amp;source=images&amp;cd=&amp;cad=rja&amp;uact=8&amp;docid=53tg5ur2IHZMHM&amp;tbnid=2Y2NjVDmSadMQM:&amp;ved=0CAYQjRw&amp;url=http%3A%2F%2Fwww.nochedecine.com%2F2013%2F06%2F29%2Fel-espacio-margenes-estrena-la-pelicula-ilusion-de-daniel-castro%2F&amp;ei=XSQmU46kGMKfkAfimIGwBQ&amp;bvm=bv.62922401,d.eW0&amp;psig=AFQjCNHoci3dqluesAfBS3tkcGRb8UhhNg&amp;ust=1395094971088584\" data-ved=\"0CAYQjRw\"><img loading=\"lazy\" id=\"irc_mi\" alt=\"\" src=\"http:\/\/www.nochedecine.com\/wp-content\/uploads\/2013\/06\/nt_13_la_ilusi%C3%B3n_interior_jpg.jpg\" width=\"428\" height=\"626\" \/><\/a><\/p>\n<p>&nbsp;<\/p>\n<p>&nbsp;<\/p>\n<p>Este jueves 20 de marzo empieza la tercera edici\u00f3n del Tercer Festival Iberoamericano de Cine Digital, FIACID.<\/p>\n<p>Aqu\u00ed va una lista de\u00a0pel\u00edculas recomendadas:<\/p>\n<p>El cr\u00edtico, de Hern\u00e1n Guerschuny<\/p>\n<p>&nbsp;<\/p>\n<p><a id=\"irc_mil\" href=\"http:\/\/www.google.com.pe\/url?sa=i&amp;rct=j&amp;q=&amp;esrc=s&amp;frm=1&amp;source=images&amp;cd=&amp;cad=rja&amp;uact=8&amp;docid=9_FLX3Ek05MfGM&amp;tbnid=wMuKG1IsIb84QM:&amp;ved=0CAYQjRw&amp;url=http%3A%2F%2Fguia.lanacion.com.ar%2Fcine%2Fpelicula%2Fel-critico-pe5494&amp;ei=wiQmU4qhMYyskAeV44HQBw&amp;bvm=bv.62922401,d.eW0&amp;psig=AFQjCNEEYSMwD9HpW7vYCCG0eb9qd9uVAQ&amp;ust=1395095064318239\" data-ved=\"0CAYQjRw\"><img loading=\"lazy\" id=\"irc_mi\" alt=\"\" src=\"http:\/\/bucket2.clanacion.com.ar\/anexos\/fotos\/cartelera\/el-critico-c_5494_poster2.jpg\" width=\"210\" height=\"300\" \/><\/a><\/p>\n<p>&nbsp;<\/p>\n<p>Ilusi\u00f3n, de Daniel Castro<\/p>\n<p>La plaga, de Neus Ball\u00fas<\/p>\n<p>La Gorgona, historias fugadas, de Camilo Botero<\/p>\n<p>Desde afuera, de Pedro Camacho y Johann P\u00e9rez<\/p>\n<p>Me perd\u00ed hace una semana, de Iv\u00e1n Fund<\/p>\n<p>AB, de Iv\u00e1n Fund y Andreas Koefoed<\/p>\n<p>Ver y escuchar, de Jos\u00e9 Luis Torres Leiva<\/p>\n<p>Play, de Alicia Scherson<\/p>\n<p>Turistas, de Alicia Scherson<\/p>\n<p>El futuro, de Alicia Scherson<\/p>\n<p>Construcci\u00f3n de una ciudad, de N\u00e9stor Frenkel<\/p>\n<p><a id=\"irc_mil\" href=\"http:\/\/www.google.com.pe\/url?sa=i&amp;rct=j&amp;q=&amp;esrc=s&amp;frm=1&amp;source=images&amp;cd=&amp;cad=rja&amp;uact=8&amp;docid=Aj7TwmFTEt6jcM&amp;tbnid=3cXC0oSF1qNMMM:&amp;ved=0CAYQjRw&amp;url=http%3A%2F%2Flanavedelossuenos.blogspot.com%2F2013%2F04%2Fmartes-30-de-abril-preestreno-de-el.html&amp;ei=MyUmU9OSIc3SkQek54HwBQ&amp;bvm=bv.62922401,d.eW0&amp;psig=AFQjCNF82zCPeZTcLgkLd05hFiQe_ZQw9A&amp;ust=1395095156503249\" data-ved=\"0CAYQjRw\"><img loading=\"lazy\" id=\"irc_mi\" alt=\"\" src=\"http:\/\/2.bp.blogspot.com\/-_Z9qcQjnFjk\/UXsUeIHOThI\/AAAAAAAABnU\/bxJMiZjfRPg\/s1600\/el-gran-simulador-lavand-poster.jpeg\" width=\"438\" height=\"626\" \/><\/a><\/p>\n<p>&nbsp;<\/p>\n<p>El gran simulador, de N\u00e9stor Frenkel<\/p>\n<p>El mercado, de N\u00e9stor Frenkel<\/p>\n<p>&nbsp;<\/p>\n<p>Se presentan tambi\u00e9n pel\u00edculas peruanas que fueron programadas en otros festivales, as\u00ed como un ciclo de las pel\u00edculas de Fernando Montenegro y una competencia de cortos peruanos.<\/p>\n<p>&nbsp;<\/p>\n<p>&nbsp;<\/p>\n","protected":false},"excerpt":{"rendered":"<p>&nbsp; &nbsp; Este jueves 20 de marzo empieza la tercera edici\u00f3n del Tercer Festival Iberoamericano de Cine Digital, FIACID. Aqu\u00ed va una lista de\u00a0pel\u00edculas recomendadas: El cr\u00edtico, de Hern\u00e1n Guerschuny &nbsp; &nbsp; Ilusi\u00f3n, de Daniel Castro La plaga, de Neus Ball\u00fas La Gorgona, historias fugadas, de Camilo Botero Desde afuera, de Pedro Camacho y Johann [&hellip;]<\/p>\n","protected":false},"author":1,"featured_media":0,"comment_status":"open","ping_status":"open","sticky":false,"template":"","format":"standard","meta":[],"categories":[14,39,13,6,55],"tags":[],"_links":{"self":[{"href":"https:\/\/www.paginas-del-diario-de-satan.com\/pdds\/index.php?rest_route=\/wp\/v2\/posts\/637"}],"collection":[{"href":"https:\/\/www.paginas-del-diario-de-satan.com\/pdds\/index.php?rest_route=\/wp\/v2\/posts"}],"about":[{"href":"https:\/\/www.paginas-del-diario-de-satan.com\/pdds\/index.php?rest_route=\/wp\/v2\/types\/post"}],"author":[{"embeddable":true,"href":"https:\/\/www.paginas-del-diario-de-satan.com\/pdds\/index.php?rest_route=\/wp\/v2\/users\/1"}],"replies":[{"embeddable":true,"href":"https:\/\/www.paginas-del-diario-de-satan.com\/pdds\/index.php?rest_route=%2Fwp%2Fv2%2Fcomments&post=637"}],"version-history":[{"count":1,"href":"https:\/\/www.paginas-del-diario-de-satan.com\/pdds\/index.php?rest_route=\/wp\/v2\/posts\/637\/revisions"}],"predecessor-version":[{"id":638,"href":"https:\/\/www.paginas-del-diario-de-satan.com\/pdds\/index.php?rest_route=\/wp\/v2\/posts\/637\/revisions\/638"}],"wp:attachment":[{"href":"https:\/\/www.paginas-del-diario-de-satan.com\/pdds\/index.php?rest_route=%2Fwp%2Fv2%2Fmedia&parent=637"}],"wp:term":[{"taxonomy":"category","embeddable":true,"href":"https:\/\/www.paginas-del-diario-de-satan.com\/pdds\/index.php?rest_route=%2Fwp%2Fv2%2Fcategories&post=637"},{"taxonomy":"post_tag","embeddable":true,"href":"https:\/\/www.paginas-del-diario-de-satan.com\/pdds\/index.php?rest_route=%2Fwp%2Fv2%2Ftags&post=637"}],"curies":[{"name":"wp","href":"https:\/\/api.w.org\/{rel}","templated":true}]}}