{"id":6416,"date":"2020-03-28T18:06:35","date_gmt":"2020-03-28T18:06:35","guid":{"rendered":"http:\/\/www.paginas-del-diario-de-satan.com\/pdds\/?p=6416"},"modified":"2020-03-28T18:06:35","modified_gmt":"2020-03-28T18:06:35","slug":"peliculas-para-ver-durante-el-confinamiento-el-limpiador-de-adrian-saba","status":"publish","type":"post","link":"https:\/\/www.paginas-del-diario-de-satan.com\/pdds\/?p=6416","title":{"rendered":"Pel\u00edculas para ver durante el confinamiento: El limpiador, de Adri\u00e1n Saba"},"content":{"rendered":"<p><img alt=\"Pel\u00edcula peruana &quot;El limpiador&quot; busca lugar en los premios Oscar ...\" src=\"https:\/\/e.rpp-noticias.io\/normal\/2013\/09\/30\/1083079.jpg\" \/><\/p>\n<p>&nbsp;<\/p>\n<p><strong>Recordemos &#8220;El limpiador&#8221;, que tiene tanta vigencia en estos d\u00edas. Se puede ver en<\/strong> <a href=\"https:\/\/www.cineaparte.com\/p\/25\/el-limpiador\"><span style=\"color: #0066cc;\">https:\/\/www.cineaparte.com\/p\/25\/el-limpiador<\/span><\/a><\/p>\n<p><span style=\"color: #000000;\">\u201cEl limpiador\u201d (2012), primer largometraje de Adri\u00e1n Saba, carece de movimientos\u00a0 de c\u00e1mara\u00a0 durante\u00a0 todo su desarrollo.\u00a0 Solo en la imagen\u00a0 final,\u00a0 un\u00a0 discreto\u00a0 tr\u00e1velin sigue al\u00a0 protagonista, Eusebio (V\u00edctor Prada),\u00a0 hacia su destino terminal.\u00a0 En la banda\u00a0 sonora\u00a0 escuchamos una melod\u00eda\u00a0 de acentos\u00a0 sordos.<\/span><\/p>\n<p><span style=\"color: #000000;\">La decisi\u00f3n de mantener el encuadre estable y fijo guarda correspondencias con la actitud y el gesto del personaje, un hombre\u00a0 que enfrenta con estoicismo la inexplicable\u00a0 plaga que diezma a los habitantes\u00a0 de Lima. Un temple\u00a0 forjado, tal vez, en el ejercicio cotidiano de\u00a0 su\u00a0 oficio: el de empleado sanitario\u00a0 que\u00a0 recoge los cuerpos\u00a0 de las v\u00edctimas y desinfecta los lugares\u00a0 donde\u00a0 cayeron,\u00a0 con el fin de cortar la diseminaci\u00f3n de la plaga. Es un \u201climpiador\u201d [&#8230;]<\/span><\/p>\n<p><span style=\"color: #000000;\">\u00a0Pero lo inesperado ocurre.\u00a0 Mientras \u201climpia\u201d una casa solitaria descubre a un ni\u00f1o de ocho a\u00f1os: se llama Joaqu\u00edn (Adri\u00e1n Du Bois), y est\u00e1 escondido en un cl\u00f3set desde\u00a0 que su madre cay\u00f3 muerta, presa de la epidemia [\u2026] Empieza\u00a0 una\u00a0 relaci\u00f3n entre dos personajes exc\u00e9ntricos\u00a0 y marginales.\u00a0 Dos solitarios abandonados a su suerte en un lugar peligroso.\u00a0 Ambos son lac\u00f3nicos y su comunicaci\u00f3n se\u00a0 da\u00a0 a trav\u00e9s\u00a0 de\u00a0 gestos\u00a0 y sobreentendidos. Temen a la epidemia\u00a0 que avanza\u00a0 pero\u00a0 no discuten\u00a0 sobre\u00a0 ello. Sus acciones\u00a0 confirman\u00a0 el pacto\u00a0 de supervivencia que suscriben.<\/span><\/p>\n<p><span style=\"color: #000000;\">Alej\u00e1ndose \u00a0de las explicaciones\u00a0 psicol\u00f3gicas, solo cuentan las acciones\u00a0 visibles y los comportamientos representados. Si bien\u00a0 el ni\u00f1o es inmune\u00a0 a la plaga, su fragilidad tiene\u00a0 que ver con el abandono que padece. La presencia\u00a0 de\u00a0 Eusebio\u00a0 compensa esas carencias\u00a0 tratando\u00a0 de rescatarlo\u00a0 progresivamente\u00a0 de\u00a0 su\u00a0 confinamiento.\u00a0 El casco\u00a0 de\u00a0 cart\u00f3n que\u00a0 le proporciona lo confirma\u00a0 como\u00a0 protector\u00a0 y gu\u00eda. En la condici\u00f3n opuesta\u00a0 se halla Eugenio, que puede empezar\u00a0 a sentir los s\u00edntomas de la enfermedad en cualquier\u00a0 momento [\u2026]<\/span><\/p>\n<p><span style=\"color: #000000;\">Pese a su registro casi documental, se afilia a la ficci\u00f3n\u00a0 dist\u00f3pica. Lima est\u00e1\u00a0 asolada.\u00a0 Ya ocurri\u00f3 el desastre, pero desconocemos su origen y la naturaleza\u00a0 de la plaga; tampoco sabemos de su duraci\u00f3n\u00a0 o extensi\u00f3n, ni de la mortalidad que ha provocado. Se representan hechos culminantes: las personas se desploman de modo s\u00fabito\u00a0 o deciden\u00a0 quitarse\u00a0 la vida. La trama no sugiere la eventualidad de\u00a0 una\u00a0 hecatombe planetaria.\u00a0 Registra solo lo que ocurre ahora y en lo inmediato.\u00a0 La muerte est\u00e1 desprovista de dramatismo, pero tambi\u00e9n de los est\u00e1ndares de emoci\u00f3n o de espectacularidad impuestos por las convenciones gen\u00e9ricas.\u00a0 La situaci\u00f3n es alarmante, pero \u201cEl limpiador\u201d la desdramatiza [\u2026]<\/span><\/p>\n<p><span style=\"color: #000000;\">Es el retrato al vac\u00edo de una ciudad solitaria. De Lima solo reconocemos signos y algunos\u00a0 rasgos del perfil urbano.\u00a0 Siguiendo la tradici\u00f3n de las pel\u00edculas de ciencia ficci\u00f3n posapocal\u00edptica, las escenograf\u00edas naturales son\u00a0 las\u00a0 que\u00a0 distinguen el perfil de\u00a0 la ciudad. Los recorridos\u00a0 de\u00a0 los personajes tienen como\u00a0 fondos\u00a0 los emblemas\u00a0 de la modernidad urbana,\u00a0 edificados\u00a0 como signos de los marcadores econ\u00f3micos favorables de la segunda d\u00e9cada\u00a0 del siglo XXI: el metro de Lima, los estacionamientos subterr\u00e1neos de amplios\u00a0 edificios, el remodelado Estadio Nacional, el Parque de las Aguas.\u00a0 Pero todos\u00a0 ellos aparecen desolados, como\u00a0 si los lime\u00f1os hubieran desertado de los lugares distintivos de su \u201cmarca ciudad\u201d.<\/span><\/p>\n<p><span style=\"color: #000000;\">El recorrido\u00a0 por\u00a0 Lima\u00a0 sigue\u00a0 una\u00a0 curva\u00a0 descendente. Empieza\u00a0 en\u00a0 el puente elevado\u00a0 que une los malecones de Miraflores y termina a la orilla del mar. En el \u00ednterin, la ciudad se deja ver en forma transversal, desde el recorrido del vag\u00f3n de un metro de marcha fantasmal. Tres hitos topogr\u00e1ficos anclan\u00a0 el sentido\u00a0 de la epidemia\u00a0 y describen\u00a0 su extensi\u00f3n:\u00a0 en los cementerios en los que el ni\u00f1o busca a su madre\u00a0 el mal iguala a las v\u00edctimas, sin distinciones.\u00a0 En uno\u00a0 de esos cementerios se inhuma\u00a0 en la tierra, bajo los jardines; en otro, en nichos\u00a0 construidos en cuarteles;\u00a0 en el tercero,\u00a0 sobre\u00a0 las laderas\u00a0 rocosas\u00a0 de un camposanto popular. La idea evoca el final de \u201cCa\u00eddos del cielo\u201d, de Lombardi.<\/span><\/p>\n<p><span style=\"color: #000000;\">La austeridad\u00a0 de los recursos\u00a0 formales\u00a0 marca el temple\u00a0 estil\u00edstico de la pel\u00edcula. Los encuadres, siempre fijos, tienden\u00a0 a la frontalidad y el equilibrio.\u00a0 La composici\u00f3n visual construye\u00a0 espacios\u00a0 de l\u00edneas r\u00edgidas y disposiciones geom\u00e9tricas.\u00a0 La extra\u00f1eza\u00a0 de las situaciones\u00a0 y lugares se refuerza\u00a0 con una\u00a0 luz fr\u00eda, de matices met\u00e1licos [\u2026] Las actuaciones son parcas, contenidas e interiores.\u00a0 La intriga es m\u00ednima y las situaciones\u00a0 carecen\u00a0 de contrastes dram\u00e1ticos fuertes. \u201cEl limpiador\u201d ofrece una lograda\u00a0 po\u00e9tica\u00a0 de la desolaci\u00f3n.<\/span><\/p>\n<p><span style=\"color: #000000;\">Este art\u00edculo\u00a0toma algunos p\u00e1rrafos del texto sobre &#8220;El limpiador&#8221; que aparece en el libro &#8220;El cine peruano en tiempos digitales&#8221; (Universidad de Lima, 2015)\u00a0<\/span><\/p>\n<p><b><span style=\"color: #000000;\">Ricardo Bedoya<\/span><\/b><\/p>\n","protected":false},"excerpt":{"rendered":"<p>&nbsp; Recordemos &#8220;El limpiador&#8221;, que tiene tanta vigencia en estos d\u00edas. Se puede ver en https:\/\/www.cineaparte.com\/p\/25\/el-limpiador \u201cEl limpiador\u201d (2012), primer largometraje de Adri\u00e1n Saba, carece de movimientos\u00a0 de c\u00e1mara\u00a0 durante\u00a0 todo su desarrollo.\u00a0 Solo en la imagen\u00a0 final,\u00a0 un\u00a0 discreto\u00a0 tr\u00e1velin sigue al\u00a0 protagonista, Eusebio (V\u00edctor Prada),\u00a0 hacia su destino terminal.\u00a0 En la banda\u00a0 sonora\u00a0 [&hellip;]<\/p>\n","protected":false},"author":1,"featured_media":0,"comment_status":"open","ping_status":"open","sticky":false,"template":"","format":"standard","meta":[],"categories":[1144,200,3],"tags":[],"_links":{"self":[{"href":"https:\/\/www.paginas-del-diario-de-satan.com\/pdds\/index.php?rest_route=\/wp\/v2\/posts\/6416"}],"collection":[{"href":"https:\/\/www.paginas-del-diario-de-satan.com\/pdds\/index.php?rest_route=\/wp\/v2\/posts"}],"about":[{"href":"https:\/\/www.paginas-del-diario-de-satan.com\/pdds\/index.php?rest_route=\/wp\/v2\/types\/post"}],"author":[{"embeddable":true,"href":"https:\/\/www.paginas-del-diario-de-satan.com\/pdds\/index.php?rest_route=\/wp\/v2\/users\/1"}],"replies":[{"embeddable":true,"href":"https:\/\/www.paginas-del-diario-de-satan.com\/pdds\/index.php?rest_route=%2Fwp%2Fv2%2Fcomments&post=6416"}],"version-history":[{"count":1,"href":"https:\/\/www.paginas-del-diario-de-satan.com\/pdds\/index.php?rest_route=\/wp\/v2\/posts\/6416\/revisions"}],"predecessor-version":[{"id":6417,"href":"https:\/\/www.paginas-del-diario-de-satan.com\/pdds\/index.php?rest_route=\/wp\/v2\/posts\/6416\/revisions\/6417"}],"wp:attachment":[{"href":"https:\/\/www.paginas-del-diario-de-satan.com\/pdds\/index.php?rest_route=%2Fwp%2Fv2%2Fmedia&parent=6416"}],"wp:term":[{"taxonomy":"category","embeddable":true,"href":"https:\/\/www.paginas-del-diario-de-satan.com\/pdds\/index.php?rest_route=%2Fwp%2Fv2%2Fcategories&post=6416"},{"taxonomy":"post_tag","embeddable":true,"href":"https:\/\/www.paginas-del-diario-de-satan.com\/pdds\/index.php?rest_route=%2Fwp%2Fv2%2Ftags&post=6416"}],"curies":[{"name":"wp","href":"https:\/\/api.w.org\/{rel}","templated":true}]}}