{"id":646,"date":"2014-03-20T21:07:38","date_gmt":"2014-03-20T21:07:38","guid":{"rendered":"http:\/\/www.paginasdeldiariodesatan.com\/pdds\/?p=646"},"modified":"2014-03-20T21:07:38","modified_gmt":"2014-03-20T21:07:38","slug":"mas-sobre-alerta-en-la-frontera","status":"publish","type":"post","link":"https:\/\/www.paginas-del-diario-de-satan.com\/pdds\/?p=646","title":{"rendered":"M\u00e1s sobre Alerta en la frontera"},"content":{"rendered":"<p>El final de la experiencia de la casa productora Amauta Films, hacia 1940, \u00a0crea una conmoci\u00f3n en el medio t\u00e9cnico, que pierde su fuente de trabajo pero no se desliga de la actividad cinematogr\u00e1fica. T\u00e9cnicos y realizadores se mantienen filmando.<\/p>\n<p>El productor Felipe Varela La Rosa, hombre fuerte de Amauta Films, \u00a0constituye Nacional Films del Per\u00fa, asoci\u00e1ndose con los empresarios Ismael Bielich, Kurt Hermann y Federico Uranga. La empresa instala estudios y laboratorios en Barranco. Kurt D. Hermann aparece como director de producci\u00f3n de la compa\u00f1\u00eda, y los t\u00e9cnicos Manuel Trullen, Pedro Valdivieso y Julio Barrionuevo asumen las responsabilidades de la fotograf\u00eda y el sonido, campos en los que se hab\u00edan especializado durante sus a\u00f1os de labor en Amauta Films.<\/p>\n<p>Nacional Films del Per\u00fa debuta en la producci\u00f3n con un largometraje documental sobre el conflicto fronterizo entre Per\u00fa y Ecuador ocurrido el a\u00f1o 1941. Su t\u00edtulo es\u00a0<i>Alerta en la frontera<\/i><i>.<\/i><\/p>\n<p>En pleno conflicto con Ecuador llega al teatro de operaciones un equipo cinematogr\u00e1fico de la empresa Nacional Films encabezado por Kurt Hermann, como director, e integrado por los camar\u00f3grafos Manuel Trullen y Pedro Valdivieso y el sonidista Manuel Cabanillas, asistido por Julio Barrionuevo. El Ej\u00e9rcito peruano brinda todo su apoyo a la filmaci\u00f3n.<br \/>\nPretenden realizar un noticiario sensacional con im\u00e1genes de las acciones b\u00e9licas, destinado a exhibirse en los cines de la capital, pero acumulan tal cantidad de material interesante que Federico Uranga, promotor del proyecto, y Kurt Hermann, jefe de producci\u00f3n de Nacional Films, deciden editar un largometraje documental sobre el conflicto que culmina con la suscripci\u00f3n del Protocolo de R\u00edo de Janeiro. Es\u00a0<i>Alerta en la frontera<\/i>.<br \/>\nManuel Trullen describe, en documento mecanografiado que forma parte del archivo personal del camar\u00f3grafo conservado por la Filmoteca de la PUCP, lo siguiente:<\/p>\n<p>&#8220;Vino (&#8230;) el conflicto con el Ecuador y con el se\u00f1or Federico Uranga hicimos una pel\u00edcula de una hora de duraci\u00f3n. La pel\u00edcula fue autorizada por el Estado Mayor (del Ej\u00e9rcito) resultando muy interesante. Ten\u00eda el lanzamiento de los paracaidistas en Machala, el cruce del r\u00edo Zarumilla y muchos aspectos interesantes del conflicto hasta el arreglo de Talara.&#8221; (documento mecanografiado del archivo Manuel Trullen)<\/p>\n<p>A pesar de la aprobaci\u00f3n inicial del Ej\u00e9rcito,\u00a0<i>Alerta en la frontera<\/i>\u00a0es prohibida y nunca se exhibe en las salas p\u00fablicas. \u00bfLas razones? Impedir contratiempos durante las negociaciones diplom\u00e1ticas con Ecuador en el per\u00edodo posterior al conflicto.<\/p>\n<p>Trullen, en los documentos citados, dice:<\/p>\n<p>&#8220;&#8230; Ten\u00edamos el estreno (concertado) con el teatro San Mart\u00edn, ten\u00edamos las entradas vendidas para varios d\u00edas, cuando vino lo inesperado&#8230; El mismo d\u00eda del estreno nos proh\u00edben la exhibici\u00f3n. Nos dijeron que era contraproducente el pasarla por cuanto estaba en puertas el arreglo de R\u00edo de Janeiro&#8230;&#8221;<\/p>\n<p>Los productores de\u00a0<i>Alerta en la frontera<\/i>, vencida la desaz\u00f3n inicial, no se oponen al veto ni desarrollan una campa\u00f1a de prensa de oposici\u00f3n a \u00e9l. La pel\u00edcula nunca llega a exhibirse, ya que las copias y negativos pasan a poder del Ej\u00e9rcito Peruano. El Ministerio de Guerra &#8220;nos la pag\u00f3 a poco m\u00e1s del costo&#8221;, seg\u00fan afirmaci\u00f3n de Trullen.<\/p>\n<p>Un a\u00f1o despu\u00e9s, en 1942, tambi\u00e9n con Kurt Hermann como director y Trullen en la c\u00e1mara, se filma\u00a0<i>La vida del cadete peruano<\/i>, con un \u201cargumento escrito por el Comandante Capella\u201d<br \/>\nLa autorizaci\u00f3n para rodar en la Escuela Militar de Chorrillos y el apoyo brindado por el Ej\u00e9rcito a esta cr\u00f3nica de la formaci\u00f3n militar es una suerte de compensaci\u00f3n otorgada a Nacional Films por el Ministerio de Guerra, en resarcimiento por el perjuicio causado por la prohibici\u00f3n de\u00a0<i>Alerta en la frontera.<\/i><\/p>\n<p>A pesar de eso, la interdicci\u00f3n frena el impulso de Nacional Films. Varela La Rosa se retira del cine, vendiendo su participaci\u00f3n accionaria al socio minoritario, Federico Uranga, un agricultor e industrial que tom\u00f3 el control de la compa\u00f1\u00eda hacia 1945. Varela La Rosa muere en setiembre de 1955.<\/p>\n<p align=\"left\">Kurt Hermann, por su parte, dirigi\u00f3 el largo documental\u00a0<i>La vida del cadete peruano<\/i><i>,\u00a0<\/i>entre 1941 y 1942, con foto de Trullen, para Cinematogr\u00e1fica Heraldo. Era una cinta informativa sobre la preparaci\u00f3n para la vida militar en la\u00a0Escuela Militar de Chorrillos. El rodaje se autoriza como una compensaci\u00f3n ofrecida por el Ministerio de Guerra por el disgusto y las p\u00e9rdidas econ\u00f3micas ocasionadas a la empresa y a Kurt Hermann por el veto de\u00a0<i>Alerta en la frontera<\/i>.\u00a0(Fuente: Bedoya, Ricardo.\u00a0<i>Un cine reencontrado. Diccionario ilustrado de las pel\u00edculas peruanas.<\/i>\u00a0Lima: Universidad de Lima, 1997)<\/p>\n<p>&nbsp;<\/p>\n<p><b>Ricardo Bedoya<\/b><\/p>\n","protected":false},"excerpt":{"rendered":"<p>El final de la experiencia de la casa productora Amauta Films, hacia 1940, \u00a0crea una conmoci\u00f3n en el medio t\u00e9cnico, que pierde su fuente de trabajo pero no se desliga de la actividad cinematogr\u00e1fica. T\u00e9cnicos y realizadores se mantienen filmando. El productor Felipe Varela La Rosa, hombre fuerte de Amauta Films, \u00a0constituye Nacional Films del [&hellip;]<\/p>\n","protected":false},"author":1,"featured_media":0,"comment_status":"open","ping_status":"open","sticky":false,"template":"","format":"standard","meta":[],"categories":[3,13],"tags":[],"_links":{"self":[{"href":"https:\/\/www.paginas-del-diario-de-satan.com\/pdds\/index.php?rest_route=\/wp\/v2\/posts\/646"}],"collection":[{"href":"https:\/\/www.paginas-del-diario-de-satan.com\/pdds\/index.php?rest_route=\/wp\/v2\/posts"}],"about":[{"href":"https:\/\/www.paginas-del-diario-de-satan.com\/pdds\/index.php?rest_route=\/wp\/v2\/types\/post"}],"author":[{"embeddable":true,"href":"https:\/\/www.paginas-del-diario-de-satan.com\/pdds\/index.php?rest_route=\/wp\/v2\/users\/1"}],"replies":[{"embeddable":true,"href":"https:\/\/www.paginas-del-diario-de-satan.com\/pdds\/index.php?rest_route=%2Fwp%2Fv2%2Fcomments&post=646"}],"version-history":[{"count":2,"href":"https:\/\/www.paginas-del-diario-de-satan.com\/pdds\/index.php?rest_route=\/wp\/v2\/posts\/646\/revisions"}],"predecessor-version":[{"id":655,"href":"https:\/\/www.paginas-del-diario-de-satan.com\/pdds\/index.php?rest_route=\/wp\/v2\/posts\/646\/revisions\/655"}],"wp:attachment":[{"href":"https:\/\/www.paginas-del-diario-de-satan.com\/pdds\/index.php?rest_route=%2Fwp%2Fv2%2Fmedia&parent=646"}],"wp:term":[{"taxonomy":"category","embeddable":true,"href":"https:\/\/www.paginas-del-diario-de-satan.com\/pdds\/index.php?rest_route=%2Fwp%2Fv2%2Fcategories&post=646"},{"taxonomy":"post_tag","embeddable":true,"href":"https:\/\/www.paginas-del-diario-de-satan.com\/pdds\/index.php?rest_route=%2Fwp%2Fv2%2Ftags&post=646"}],"curies":[{"name":"wp","href":"https:\/\/api.w.org\/{rel}","templated":true}]}}